{"id":148,"date":"2014-09-09T16:29:54","date_gmt":"2014-09-09T15:29:54","guid":{"rendered":"http:\/\/www.celine-bedat.com\/art\/?p=148"},"modified":"2023-05-02T15:26:30","modified_gmt":"2023-05-02T14:26:30","slug":"agenda-culturel-09-09-14","status":"publish","type":"post","link":"https:\/\/www.celine-bedat.com\/en\/presse\/agenda-culturel-09-09-14\/","title":{"rendered":"2014 &#8211; Agenda Culturel de Beyrouth"},"content":{"rendered":"<p><\/p>\n<h1>C\u00e9line Bedat peint les arbres et les villes<\/h1>\n<p>Du 11 au 27 septembre 2014, C\u00e9line Bedat expose ses &#8220;Arbres et villes&#8221; \u00e0 Paris. Entre peinture, photographie et collages, l\u2019artiste nous emporte dans des fragments de paysage o\u00f9 la ville de Beyrouth tient une place de choix.<br \/>\n<a href=\"http:\/\/www.agendaculturel.com\/Art_Celine+Bedat_peint_les_arbres_et_les_villes\" target=\"_blank\" rel=\"noopener\">Read more<\/a> \/ <a href=\"http:\/\/www.celine-bedat.com\/art\/wp-content\/uploads\/2015\/01\/20140909-AgendaCulturel.pdf\">Download pdf<\/a><\/p>\n<p><\/p>","protected":false},"excerpt":{"rendered":"<p>C\u00e9line Bedat peint les arbres et les villes Du 11 au 27 septembre 2014, C\u00e9line Bedat expose ses &#8220;Arbres et villes&#8221; \u00e0 Paris. Entre peinture, photographie et collages, l\u2019artiste nous emporte dans des fragments de paysage o\u00f9 la ville de Beyrouth tient une place de choix. Read more \/ Download pdf<\/p>\n","protected":false},"author":1,"featured_media":170,"comment_status":"closed","ping_status":"closed","sticky":false,"template":"","format":"standard","meta":{"footnotes":""},"categories":[6],"tags":[],"class_list":["post-148","post","type-post","status-publish","format-standard","has-post-thumbnail","hentry","category-presse"],"_links":{"self":[{"href":"https:\/\/www.celine-bedat.com\/en\/wp-json\/wp\/v2\/posts\/148","targetHints":{"allow":["GET"]}}],"collection":[{"href":"https:\/\/www.celine-bedat.com\/en\/wp-json\/wp\/v2\/posts"}],"about":[{"href":"https:\/\/www.celine-bedat.com\/en\/wp-json\/wp\/v2\/types\/post"}],"author":[{"embeddable":true,"href":"https:\/\/www.celine-bedat.com\/en\/wp-json\/wp\/v2\/users\/1"}],"replies":[{"embeddable":true,"href":"https:\/\/www.celine-bedat.com\/en\/wp-json\/wp\/v2\/comments?post=148"}],"version-history":[{"count":15,"href":"https:\/\/www.celine-bedat.com\/en\/wp-json\/wp\/v2\/posts\/148\/revisions"}],"predecessor-version":[{"id":835,"href":"https:\/\/www.celine-bedat.com\/en\/wp-json\/wp\/v2\/posts\/148\/revisions\/835"}],"wp:featuredmedia":[{"embeddable":true,"href":"https:\/\/www.celine-bedat.com\/en\/wp-json\/wp\/v2\/media\/170"}],"wp:attachment":[{"href":"https:\/\/www.celine-bedat.com\/en\/wp-json\/wp\/v2\/media?parent=148"}],"wp:term":[{"taxonomy":"category","embeddable":true,"href":"https:\/\/www.celine-bedat.com\/en\/wp-json\/wp\/v2\/categories?post=148"},{"taxonomy":"post_tag","embeddable":true,"href":"https:\/\/www.celine-bedat.com\/en\/wp-json\/wp\/v2\/tags?post=148"}],"curies":[{"name":"wp","href":"https:\/\/api.w.org\/{rel}","templated":true}]}}